{"id":937,"date":"2023-09-21T22:20:30","date_gmt":"2023-09-21T22:20:30","guid":{"rendered":"https:\/\/samahil.gob.mx\/?p=937"},"modified":"2023-09-21T22:20:30","modified_gmt":"2023-09-21T22:20:30","slug":"limpieza-de-areas-verdes","status":"publish","type":"post","link":"https:\/\/samahil.gob.mx\/index.php\/2023\/09\/21\/limpieza-de-areas-verdes\/","title":{"rendered":"Limpieza de \u00e1reas verdes."},"content":{"rendered":"<div id='gallery-1' class='gallery galleryid-937 gallery-columns-3 gallery-size-thumbnail'><figure class='gallery-item'>\n\t\t\t<div class='gallery-icon landscape'>\n\t\t\t\t<a href='https:\/\/samahil.gob.mx\/wp-content\/uploads\/2023\/09\/370336250_318932537192261_8958866920724839983_n.jpg'><img loading=\"lazy\" decoding=\"async\" width=\"150\" height=\"150\" src=\"https:\/\/samahil.gob.mx\/wp-content\/uploads\/2023\/09\/370336250_318932537192261_8958866920724839983_n-150x150.jpg\" class=\"attachment-thumbnail size-thumbnail\" alt=\"\" \/><\/a>\n\t\t\t<\/div><\/figure><figure class='gallery-item'>\n\t\t\t<div class='gallery-icon portrait'>\n\t\t\t\t<a href='https:\/\/samahil.gob.mx\/wp-content\/uploads\/2023\/09\/370367916_318932577192257_3775103930068594273_n.jpg'><img loading=\"lazy\" decoding=\"async\" width=\"150\" height=\"150\" src=\"https:\/\/samahil.gob.mx\/wp-content\/uploads\/2023\/09\/370367916_318932577192257_3775103930068594273_n-150x150.jpg\" class=\"attachment-thumbnail size-thumbnail\" alt=\"\" \/><\/a>\n\t\t\t<\/div><\/figure><figure class='gallery-item'>\n\t\t\t<div class='gallery-icon portrait'>\n\t\t\t\t<a href='https:\/\/samahil.gob.mx\/wp-content\/uploads\/2023\/09\/370381657_318932623858919_5665293757879258402_n.jpg'><img loading=\"lazy\" decoding=\"async\" width=\"150\" height=\"150\" src=\"https:\/\/samahil.gob.mx\/wp-content\/uploads\/2023\/09\/370381657_318932623858919_5665293757879258402_n-150x150.jpg\" class=\"attachment-thumbnail size-thumbnail\" alt=\"\" \/><\/a>\n\t\t\t<\/div><\/figure>\n\t\t<\/div>\n\n<p>En d\u00edas pasados se realiz\u00f3 el trabajo de limpieza de \u00e1reas verdes en varios planteles de nuestro municipio con el fin de poder contribuir para brindar un regreso a clases seguro para las ni\u00f1a, ni\u00f1os y adolescentes en este nuevo ciclo escolar.<\/p>\n","protected":false},"excerpt":{"rendered":"<p>En d\u00edas pasados se realiz\u00f3 el trabajo de limpieza de \u00e1reas verdes en varios planteles de nuestro municipio con el fin de poder contribuir para<\/p>\n","protected":false},"author":1,"featured_media":938,"comment_status":"closed","ping_status":"open","sticky":false,"template":"","format":"standard","meta":{"footnotes":""},"categories":[10],"tags":[],"class_list":["post-937","post","type-post","status-publish","format-standard","has-post-thumbnail","hentry","category-aseo-urbano"],"_links":{"self":[{"href":"https:\/\/samahil.gob.mx\/index.php\/wp-json\/wp\/v2\/posts\/937","targetHints":{"allow":["GET"]}}],"collection":[{"href":"https:\/\/samahil.gob.mx\/index.php\/wp-json\/wp\/v2\/posts"}],"about":[{"href":"https:\/\/samahil.gob.mx\/index.php\/wp-json\/wp\/v2\/types\/post"}],"author":[{"embeddable":true,"href":"https:\/\/samahil.gob.mx\/index.php\/wp-json\/wp\/v2\/users\/1"}],"replies":[{"embeddable":true,"href":"https:\/\/samahil.gob.mx\/index.php\/wp-json\/wp\/v2\/comments?post=937"}],"version-history":[{"count":1,"href":"https:\/\/samahil.gob.mx\/index.php\/wp-json\/wp\/v2\/posts\/937\/revisions"}],"predecessor-version":[{"id":941,"href":"https:\/\/samahil.gob.mx\/index.php\/wp-json\/wp\/v2\/posts\/937\/revisions\/941"}],"wp:featuredmedia":[{"embeddable":true,"href":"https:\/\/samahil.gob.mx\/index.php\/wp-json\/wp\/v2\/media\/938"}],"wp:attachment":[{"href":"https:\/\/samahil.gob.mx\/index.php\/wp-json\/wp\/v2\/media?parent=937"}],"wp:term":[{"taxonomy":"category","embeddable":true,"href":"https:\/\/samahil.gob.mx\/index.php\/wp-json\/wp\/v2\/categories?post=937"},{"taxonomy":"post_tag","embeddable":true,"href":"https:\/\/samahil.gob.mx\/index.php\/wp-json\/wp\/v2\/tags?post=937"}],"curies":[{"name":"wp","href":"https:\/\/api.w.org\/{rel}","templated":true}]}}