{"id":594,"date":"2022-11-25T17:20:20","date_gmt":"2022-11-25T17:20:20","guid":{"rendered":"https:\/\/samahil.gob.mx\/?p=594"},"modified":"2022-11-25T17:20:20","modified_gmt":"2022-11-25T17:20:20","slug":"desfile-civico-por-112-aniversario-de-la-revolucion-mexicana","status":"publish","type":"post","link":"https:\/\/samahil.gob.mx\/index.php\/2022\/11\/25\/desfile-civico-por-112-aniversario-de-la-revolucion-mexicana\/","title":{"rendered":"Desfile c\u00edvico por 112 aniversario de la Revoluci\u00f3n Mexicana."},"content":{"rendered":"<div id='gallery-1' class='gallery galleryid-594 gallery-columns-7 gallery-size-thumbnail'><figure class='gallery-item'>\n\t\t\t<div class='gallery-icon landscape'>\n\t\t\t\t<a href='https:\/\/samahil.gob.mx\/wp-content\/uploads\/2022\/11\/316258316_207080195021401_4917088028546576005_n.jpg'><img loading=\"lazy\" decoding=\"async\" width=\"150\" height=\"150\" src=\"https:\/\/samahil.gob.mx\/wp-content\/uploads\/2022\/11\/316258316_207080195021401_4917088028546576005_n-150x150.jpg\" class=\"attachment-thumbnail size-thumbnail\" alt=\"\" \/><\/a>\n\t\t\t<\/div><\/figure><figure class='gallery-item'>\n\t\t\t<div class='gallery-icon landscape'>\n\t\t\t\t<a href='https:\/\/samahil.gob.mx\/wp-content\/uploads\/2022\/11\/316317052_207080145021406_2493510011304362538_n.jpg'><img loading=\"lazy\" decoding=\"async\" width=\"150\" height=\"150\" src=\"https:\/\/samahil.gob.mx\/wp-content\/uploads\/2022\/11\/316317052_207080145021406_2493510011304362538_n-150x150.jpg\" class=\"attachment-thumbnail size-thumbnail\" alt=\"\" \/><\/a>\n\t\t\t<\/div><\/figure><figure class='gallery-item'>\n\t\t\t<div class='gallery-icon landscape'>\n\t\t\t\t<a href='https:\/\/samahil.gob.mx\/wp-content\/uploads\/2022\/11\/316422895_207080178354736_1373838731820892362_n.jpg'><img loading=\"lazy\" decoding=\"async\" width=\"150\" height=\"150\" src=\"https:\/\/samahil.gob.mx\/wp-content\/uploads\/2022\/11\/316422895_207080178354736_1373838731820892362_n-150x150.jpg\" class=\"attachment-thumbnail size-thumbnail\" alt=\"\" \/><\/a>\n\t\t\t<\/div><\/figure><figure class='gallery-item'>\n\t\t\t<div class='gallery-icon landscape'>\n\t\t\t\t<a href='https:\/\/samahil.gob.mx\/wp-content\/uploads\/2022\/11\/316423554_207080148354739_2755465776888177949_n.jpg'><img loading=\"lazy\" decoding=\"async\" width=\"150\" height=\"150\" src=\"https:\/\/samahil.gob.mx\/wp-content\/uploads\/2022\/11\/316423554_207080148354739_2755465776888177949_n-150x150.jpg\" class=\"attachment-thumbnail size-thumbnail\" alt=\"\" \/><\/a>\n\t\t\t<\/div><\/figure><figure class='gallery-item'>\n\t\t\t<div class='gallery-icon landscape'>\n\t\t\t\t<a href='https:\/\/samahil.gob.mx\/wp-content\/uploads\/2022\/11\/316523714_207080118354742_1301179240080286820_n.jpg'><img loading=\"lazy\" decoding=\"async\" width=\"150\" height=\"150\" src=\"https:\/\/samahil.gob.mx\/wp-content\/uploads\/2022\/11\/316523714_207080118354742_1301179240080286820_n-150x150.jpg\" class=\"attachment-thumbnail size-thumbnail\" alt=\"\" \/><\/a>\n\t\t\t<\/div><\/figure><figure class='gallery-item'>\n\t\t\t<div class='gallery-icon landscape'>\n\t\t\t\t<a href='https:\/\/samahil.gob.mx\/wp-content\/uploads\/2022\/11\/316543988_207080155021405_8046678944246271226_n.jpg'><img loading=\"lazy\" decoding=\"async\" width=\"150\" height=\"150\" src=\"https:\/\/samahil.gob.mx\/wp-content\/uploads\/2022\/11\/316543988_207080155021405_8046678944246271226_n-150x150.jpg\" class=\"attachment-thumbnail size-thumbnail\" alt=\"\" \/><\/a>\n\t\t\t<\/div><\/figure><figure class='gallery-item'>\n\t\t\t<div class='gallery-icon landscape'>\n\t\t\t\t<a href='https:\/\/samahil.gob.mx\/wp-content\/uploads\/2022\/11\/316548623_207080185021402_164036536835071055_n.jpg'><img loading=\"lazy\" decoding=\"async\" width=\"150\" height=\"150\" src=\"https:\/\/samahil.gob.mx\/wp-content\/uploads\/2022\/11\/316548623_207080185021402_164036536835071055_n-150x150.jpg\" class=\"attachment-thumbnail size-thumbnail\" alt=\"\" \/><\/a>\n\t\t\t<\/div><\/figure>\n\t\t<\/div>\n\n<p>Con una gran participaci\u00f3n de las escuelas de nuestro municipio, logramos un desfile lleno de \u00e1nimo y entusiasmo. El H. Ayuntamiento de Samahil, encabezado por nuestro presidente <a class=\"x1i10hfl xjbqb8w x6umtig x1b1mbwd xaqea5y xav7gou x9f619 x1ypdohk xt0psk2 xe8uvvx xdj266r x11i5rnm xat24cr x1mh8g0r xexx8yu x4uap5 x18d9i69 xkhd6sd x16tdsg8 x1hl2dhg xggy1nq x1a2a7pz xt0b8zv x1qq9wsj xo1l8bm\" tabindex=\"0\" role=\"link\" href=\"https:\/\/www.facebook.com\/profile.php?id=100065333166852&amp;__cft__[0]=AZVgMpsDje4sEFGfeit6e6RTMomW-EHkftfTNglMVA6l7WmefwN5kk-PLkfzOMpYbtNOfBjoZ43_fjpq95JhyedLteD8BNxNtINjRfC7QFwNQQozHXK9pbrI4_WNP5VAORUQbjA5bfy5ihx_4sdiYmanrNIzhTwzf722T0uxFCkLy2ME5dQup2MFmE8Morqg2Ks&amp;__tn__=-]K-R\"><span class=\"xt0psk2\">Samuel Mayen<\/span><\/a>, reconoce y agradece a todas y todos los que el d\u00eda de ayer participaron en el desfile c\u00edvico del 20 de noviembre, 112 aniversario de la revoluci\u00f3n mexicana.<\/p>\n","protected":false},"excerpt":{"rendered":"<p>Con una gran participaci\u00f3n de las escuelas de nuestro municipio, logramos un desfile lleno de \u00e1nimo y entusiasmo. El H. Ayuntamiento de Samahil, encabezado por<\/p>\n","protected":false},"author":1,"featured_media":597,"comment_status":"closed","ping_status":"open","sticky":false,"template":"","format":"standard","meta":{"footnotes":""},"categories":[7],"tags":[],"class_list":["post-594","post","type-post","status-publish","format-standard","has-post-thumbnail","hentry","category-presidencia"],"_links":{"self":[{"href":"https:\/\/samahil.gob.mx\/index.php\/wp-json\/wp\/v2\/posts\/594","targetHints":{"allow":["GET"]}}],"collection":[{"href":"https:\/\/samahil.gob.mx\/index.php\/wp-json\/wp\/v2\/posts"}],"about":[{"href":"https:\/\/samahil.gob.mx\/index.php\/wp-json\/wp\/v2\/types\/post"}],"author":[{"embeddable":true,"href":"https:\/\/samahil.gob.mx\/index.php\/wp-json\/wp\/v2\/users\/1"}],"replies":[{"embeddable":true,"href":"https:\/\/samahil.gob.mx\/index.php\/wp-json\/wp\/v2\/comments?post=594"}],"version-history":[{"count":1,"href":"https:\/\/samahil.gob.mx\/index.php\/wp-json\/wp\/v2\/posts\/594\/revisions"}],"predecessor-version":[{"id":602,"href":"https:\/\/samahil.gob.mx\/index.php\/wp-json\/wp\/v2\/posts\/594\/revisions\/602"}],"wp:featuredmedia":[{"embeddable":true,"href":"https:\/\/samahil.gob.mx\/index.php\/wp-json\/wp\/v2\/media\/597"}],"wp:attachment":[{"href":"https:\/\/samahil.gob.mx\/index.php\/wp-json\/wp\/v2\/media?parent=594"}],"wp:term":[{"taxonomy":"category","embeddable":true,"href":"https:\/\/samahil.gob.mx\/index.php\/wp-json\/wp\/v2\/categories?post=594"},{"taxonomy":"post_tag","embeddable":true,"href":"https:\/\/samahil.gob.mx\/index.php\/wp-json\/wp\/v2\/tags?post=594"}],"curies":[{"name":"wp","href":"https:\/\/api.w.org\/{rel}","templated":true}]}}