{"id":414,"date":"2022-08-30T16:23:35","date_gmt":"2022-08-30T16:23:35","guid":{"rendered":"https:\/\/samahil.gob.mx\/?p=414"},"modified":"2022-08-30T16:23:35","modified_gmt":"2022-08-30T16:23:35","slug":"actividad-espacios-de-prevencion-para-ninas-ninos-y-adolescentes-en-kuchel","status":"publish","type":"post","link":"https:\/\/samahil.gob.mx\/index.php\/2022\/08\/30\/actividad-espacios-de-prevencion-para-ninas-ninos-y-adolescentes-en-kuchel\/","title":{"rendered":"Actividad &#8220;Espacios de Prevenci\u00f3n&#8221; para ni\u00f1as, ni\u00f1os y adolescentes en Kuchel."},"content":{"rendered":"<div id='gallery-1' class='gallery galleryid-414 gallery-columns-5 gallery-size-thumbnail'><figure class='gallery-item'>\n\t\t\t<div class='gallery-icon landscape'>\n\t\t\t\t<a href='https:\/\/samahil.gob.mx\/wp-content\/uploads\/2022\/08\/296060356_186812150381539_785182862722523733_n.jpg'><img loading=\"lazy\" decoding=\"async\" width=\"150\" height=\"150\" src=\"https:\/\/samahil.gob.mx\/wp-content\/uploads\/2022\/08\/296060356_186812150381539_785182862722523733_n-150x150.jpg\" class=\"attachment-thumbnail size-thumbnail\" alt=\"\" \/><\/a>\n\t\t\t<\/div><\/figure><figure class='gallery-item'>\n\t\t\t<div class='gallery-icon landscape'>\n\t\t\t\t<a href='https:\/\/samahil.gob.mx\/wp-content\/uploads\/2022\/08\/296750926_186812160381538_2334402993852309701_n.jpg'><img loading=\"lazy\" decoding=\"async\" width=\"150\" height=\"150\" src=\"https:\/\/samahil.gob.mx\/wp-content\/uploads\/2022\/08\/296750926_186812160381538_2334402993852309701_n-150x150.jpg\" class=\"attachment-thumbnail size-thumbnail\" alt=\"\" \/><\/a>\n\t\t\t<\/div><\/figure><figure class='gallery-item'>\n\t\t\t<div class='gallery-icon landscape'>\n\t\t\t\t<a href='https:\/\/samahil.gob.mx\/wp-content\/uploads\/2022\/08\/297459415_186812147048206_2937828526428093179_n.jpg'><img loading=\"lazy\" decoding=\"async\" width=\"150\" height=\"150\" src=\"https:\/\/samahil.gob.mx\/wp-content\/uploads\/2022\/08\/297459415_186812147048206_2937828526428093179_n-150x150.jpg\" class=\"attachment-thumbnail size-thumbnail\" alt=\"\" \/><\/a>\n\t\t\t<\/div><\/figure><figure class='gallery-item'>\n\t\t\t<div class='gallery-icon landscape'>\n\t\t\t\t<a href='https:\/\/samahil.gob.mx\/wp-content\/uploads\/2022\/08\/297589865_186812197048201_2783781495522397991_n.jpg'><img loading=\"lazy\" decoding=\"async\" width=\"150\" height=\"150\" src=\"https:\/\/samahil.gob.mx\/wp-content\/uploads\/2022\/08\/297589865_186812197048201_2783781495522397991_n-150x150.jpg\" class=\"attachment-thumbnail size-thumbnail\" alt=\"\" \/><\/a>\n\t\t\t<\/div><\/figure><figure class='gallery-item'>\n\t\t\t<div class='gallery-icon landscape'>\n\t\t\t\t<a href='https:\/\/samahil.gob.mx\/wp-content\/uploads\/2022\/08\/297791960_186812200381534_1513726068467172811_n.jpg'><img loading=\"lazy\" decoding=\"async\" width=\"150\" height=\"150\" src=\"https:\/\/samahil.gob.mx\/wp-content\/uploads\/2022\/08\/297791960_186812200381534_1513726068467172811_n-150x150.jpg\" class=\"attachment-thumbnail size-thumbnail\" alt=\"\" \/><\/a>\n\t\t\t<\/div><\/figure>\n\t\t<\/div>\n\n<div class=\"l7ghb35v kjdc1dyq kmwttqpk gh25dzvf jikcssrz n3t5jt4f\">\n<div dir=\"auto\">El d\u00eda de ayer se llev\u00f3 acabo la actividad \u201cEspacios de prevenci\u00f3n\u201d, donde las ni\u00f1as y ni\u00f1os de Kuchel participaron activamente en los diferentes ejercicios como \u201cCine foro\u201d, \u201cCuenta cuentos\u201d, y \u201cTitereteando\u201d, con el objetivo de disfrutar y fortalecer habilidades de protecci\u00f3n y prevenci\u00f3n.<\/div>\n<\/div>\n<div class=\"l7ghb35v kjdc1dyq kmwttqpk gh25dzvf jikcssrz n3t5jt4f\">\n<div dir=\"auto\">Una actividad del DIF estatal (DAIF) en coordinaci\u00f3n con el DIF Samahil, donde estuvieron presentes la presidenta del DIF, Bernardina Cauich, as\u00ed como el director del DIF Kevin Antonio Uc.<\/div>\n<\/div>\n","protected":false},"excerpt":{"rendered":"<p>El d\u00eda de ayer se llev\u00f3 acabo la actividad \u201cEspacios de prevenci\u00f3n\u201d, donde las ni\u00f1as y ni\u00f1os de Kuchel participaron activamente en los diferentes ejercicios<\/p>\n","protected":false},"author":1,"featured_media":419,"comment_status":"closed","ping_status":"open","sticky":false,"template":"","format":"standard","meta":{"footnotes":""},"categories":[6],"tags":[],"class_list":["post-414","post","type-post","status-publish","format-standard","has-post-thumbnail","hentry","category-dif-municipal"],"_links":{"self":[{"href":"https:\/\/samahil.gob.mx\/index.php\/wp-json\/wp\/v2\/posts\/414","targetHints":{"allow":["GET"]}}],"collection":[{"href":"https:\/\/samahil.gob.mx\/index.php\/wp-json\/wp\/v2\/posts"}],"about":[{"href":"https:\/\/samahil.gob.mx\/index.php\/wp-json\/wp\/v2\/types\/post"}],"author":[{"embeddable":true,"href":"https:\/\/samahil.gob.mx\/index.php\/wp-json\/wp\/v2\/users\/1"}],"replies":[{"embeddable":true,"href":"https:\/\/samahil.gob.mx\/index.php\/wp-json\/wp\/v2\/comments?post=414"}],"version-history":[{"count":1,"href":"https:\/\/samahil.gob.mx\/index.php\/wp-json\/wp\/v2\/posts\/414\/revisions"}],"predecessor-version":[{"id":420,"href":"https:\/\/samahil.gob.mx\/index.php\/wp-json\/wp\/v2\/posts\/414\/revisions\/420"}],"wp:featuredmedia":[{"embeddable":true,"href":"https:\/\/samahil.gob.mx\/index.php\/wp-json\/wp\/v2\/media\/419"}],"wp:attachment":[{"href":"https:\/\/samahil.gob.mx\/index.php\/wp-json\/wp\/v2\/media?parent=414"}],"wp:term":[{"taxonomy":"category","embeddable":true,"href":"https:\/\/samahil.gob.mx\/index.php\/wp-json\/wp\/v2\/categories?post=414"},{"taxonomy":"post_tag","embeddable":true,"href":"https:\/\/samahil.gob.mx\/index.php\/wp-json\/wp\/v2\/tags?post=414"}],"curies":[{"name":"wp","href":"https:\/\/api.w.org\/{rel}","templated":true}]}}