{"id":1503,"date":"2025-03-21T17:33:55","date_gmt":"2025-03-21T17:33:55","guid":{"rendered":"https:\/\/samahil.gob.mx\/?p=1503"},"modified":"2025-03-21T17:33:55","modified_gmt":"2025-03-21T17:33:55","slug":"tradicional-quema-de-juan-carnaval","status":"publish","type":"post","link":"https:\/\/samahil.gob.mx\/index.php\/2025\/03\/21\/tradicional-quema-de-juan-carnaval\/","title":{"rendered":"Tradicional quema de Juan Carnaval."},"content":{"rendered":"<div id='gallery-1' class='gallery galleryid-1503 gallery-columns-6 gallery-size-thumbnail'><figure class='gallery-item'>\n\t\t\t<div class='gallery-icon landscape'>\n\t\t\t\t<a href='https:\/\/samahil.gob.mx\/wp-content\/uploads\/2025\/03\/480723017_644605657958279_2274710645015981844_n.jpg'><img loading=\"lazy\" decoding=\"async\" width=\"150\" height=\"150\" src=\"https:\/\/samahil.gob.mx\/wp-content\/uploads\/2025\/03\/480723017_644605657958279_2274710645015981844_n-150x150.jpg\" class=\"attachment-thumbnail size-thumbnail\" alt=\"\" \/><\/a>\n\t\t\t<\/div><\/figure><figure class='gallery-item'>\n\t\t\t<div class='gallery-icon portrait'>\n\t\t\t\t<a href='https:\/\/samahil.gob.mx\/wp-content\/uploads\/2025\/03\/480755237_644605591291619_1643809045060149248_n.jpg'><img loading=\"lazy\" decoding=\"async\" width=\"150\" height=\"150\" src=\"https:\/\/samahil.gob.mx\/wp-content\/uploads\/2025\/03\/480755237_644605591291619_1643809045060149248_n-150x150.jpg\" class=\"attachment-thumbnail size-thumbnail\" alt=\"\" \/><\/a>\n\t\t\t<\/div><\/figure><figure class='gallery-item'>\n\t\t\t<div class='gallery-icon landscape'>\n\t\t\t\t<a href='https:\/\/samahil.gob.mx\/wp-content\/uploads\/2025\/03\/481012750_644605641291614_3549338489050448819_n.jpg'><img loading=\"lazy\" decoding=\"async\" width=\"150\" height=\"150\" src=\"https:\/\/samahil.gob.mx\/wp-content\/uploads\/2025\/03\/481012750_644605641291614_3549338489050448819_n-150x150.jpg\" class=\"attachment-thumbnail size-thumbnail\" alt=\"\" \/><\/a>\n\t\t\t<\/div><\/figure><figure class='gallery-item'>\n\t\t\t<div class='gallery-icon landscape'>\n\t\t\t\t<a href='https:\/\/samahil.gob.mx\/wp-content\/uploads\/2025\/03\/481176866_644605557958289_278782236753951469_n.jpg'><img loading=\"lazy\" decoding=\"async\" width=\"150\" height=\"150\" src=\"https:\/\/samahil.gob.mx\/wp-content\/uploads\/2025\/03\/481176866_644605557958289_278782236753951469_n-150x150.jpg\" class=\"attachment-thumbnail size-thumbnail\" alt=\"\" \/><\/a>\n\t\t\t<\/div><\/figure><figure class='gallery-item'>\n\t\t\t<div class='gallery-icon landscape'>\n\t\t\t\t<a href='https:\/\/samahil.gob.mx\/wp-content\/uploads\/2025\/03\/481477929_644605111291667_9157911346761936191_n.jpg'><img loading=\"lazy\" decoding=\"async\" width=\"150\" height=\"150\" src=\"https:\/\/samahil.gob.mx\/wp-content\/uploads\/2025\/03\/481477929_644605111291667_9157911346761936191_n-150x150.jpg\" class=\"attachment-thumbnail size-thumbnail\" alt=\"\" srcset=\"https:\/\/samahil.gob.mx\/wp-content\/uploads\/2025\/03\/481477929_644605111291667_9157911346761936191_n-150x150.jpg 150w, https:\/\/samahil.gob.mx\/wp-content\/uploads\/2025\/03\/481477929_644605111291667_9157911346761936191_n-300x300.jpg 300w, https:\/\/samahil.gob.mx\/wp-content\/uploads\/2025\/03\/481477929_644605111291667_9157911346761936191_n-768x768.jpg 768w, https:\/\/samahil.gob.mx\/wp-content\/uploads\/2025\/03\/481477929_644605111291667_9157911346761936191_n.jpg 960w\" sizes=\"auto, (max-width: 150px) 100vw, 150px\" \/><\/a>\n\t\t\t<\/div><\/figure><figure class='gallery-item'>\n\t\t\t<div class='gallery-icon portrait'>\n\t\t\t\t<a href='https:\/\/samahil.gob.mx\/wp-content\/uploads\/2025\/03\/481692496_644605567958288_2570645623492338338_n.jpg'><img loading=\"lazy\" decoding=\"async\" width=\"150\" height=\"150\" src=\"https:\/\/samahil.gob.mx\/wp-content\/uploads\/2025\/03\/481692496_644605567958288_2570645623492338338_n-150x150.jpg\" class=\"attachment-thumbnail size-thumbnail\" alt=\"\" \/><\/a>\n\t\t\t<\/div><\/figure>\n\t\t<\/div>\n\n<div class=\"xdj266r x11i5rnm xat24cr x1mh8g0r x1vvkbs x126k92a\">\n<div dir=\"auto\">Con la tradicional quema de Juan Carnaval concluy\u00f3 de manera oficial el Carnaval Samahil 2025. &#8220;Ritmo y Sabor Caribe\u00f1o&#8221;.<\/div>\n<\/div>\n<div class=\"x11i5rnm xat24cr x1mh8g0r x1vvkbs xtlvy1s x126k92a\">\n<div dir=\"auto\">*Agradecemos:*<\/div>\n<div dir=\"auto\">A nuestros<\/div>\n<div dir=\"auto\">Reyes Infantiles:<\/div>\n<div dir=\"auto\">LUNA I<\/div>\n<div dir=\"auto\">DARIO I<\/div>\n<\/div>\n<div class=\"x11i5rnm xat24cr x1mh8g0r x1vvkbs xtlvy1s x126k92a\">\n<div dir=\"auto\">Reyes Juveniles<\/div>\n<div dir=\"auto\">SARAI I<\/div>\n<div dir=\"auto\">ALEXANDER I<\/div>\n<\/div>\n<div class=\"x11i5rnm xat24cr x1mh8g0r x1vvkbs xtlvy1s x126k92a\">\n<div dir=\"auto\">Quienes fueron los encargados de trasmitir la alegria y el sabor del Carnaval a la gente de nuestro maravilloso pueblo.<\/div>\n<\/div>\n<div class=\"x11i5rnm xat24cr x1mh8g0r x1vvkbs xtlvy1s x126k92a\">\n<div dir=\"auto\">A cada comparsa que nos acompa\u00f1o el s\u00e1bado de coronaci\u00f3n de los REYES.<\/div>\n<div dir=\"auto\">*Comparsa Reyes Infantiles.<\/div>\n<div dir=\"auto\">*Comparsa Reyes Juveniles.<\/div>\n<div dir=\"auto\">*Comparsa Showtime de la ciudad de uman.<\/div>\n<div dir=\"auto\">Todos estos grupos bajo la direcci\u00f3n del maestro Juan Carlos Garc\u00eda.<\/div>\n<div dir=\"auto\">*Comparsa DJ F\u00e9nix del maestro Didier Cob.<\/div>\n<\/div>\n<div class=\"x11i5rnm xat24cr x1mh8g0r x1vvkbs xtlvy1s x126k92a\">\n<div dir=\"auto\">A los patrocinadores por su apoyo y colaboraci\u00f3n.<\/div>\n<\/div>\n<div class=\"x11i5rnm xat24cr x1mh8g0r x1vvkbs xtlvy1s x126k92a\">\n<div dir=\"auto\">A nuestra gente de Samahil por disfrut\u00e1r este carnaval SAMAHIL 2025.<\/div>\n<\/div>\n","protected":false},"excerpt":{"rendered":"<p>Con la tradicional quema de Juan Carnaval concluy\u00f3 de manera oficial el Carnaval Samahil 2025. &#8220;Ritmo y Sabor Caribe\u00f1o&#8221;. *Agradecemos:* A nuestros Reyes Infantiles: LUNA<\/p>\n","protected":false},"author":1,"featured_media":1506,"comment_status":"closed","ping_status":"open","sticky":false,"template":"","format":"standard","meta":{"footnotes":""},"categories":[4],"tags":[],"class_list":["post-1503","post","type-post","status-publish","format-standard","has-post-thumbnail","hentry","category-cultura"],"_links":{"self":[{"href":"https:\/\/samahil.gob.mx\/index.php\/wp-json\/wp\/v2\/posts\/1503","targetHints":{"allow":["GET"]}}],"collection":[{"href":"https:\/\/samahil.gob.mx\/index.php\/wp-json\/wp\/v2\/posts"}],"about":[{"href":"https:\/\/samahil.gob.mx\/index.php\/wp-json\/wp\/v2\/types\/post"}],"author":[{"embeddable":true,"href":"https:\/\/samahil.gob.mx\/index.php\/wp-json\/wp\/v2\/users\/1"}],"replies":[{"embeddable":true,"href":"https:\/\/samahil.gob.mx\/index.php\/wp-json\/wp\/v2\/comments?post=1503"}],"version-history":[{"count":1,"href":"https:\/\/samahil.gob.mx\/index.php\/wp-json\/wp\/v2\/posts\/1503\/revisions"}],"predecessor-version":[{"id":1510,"href":"https:\/\/samahil.gob.mx\/index.php\/wp-json\/wp\/v2\/posts\/1503\/revisions\/1510"}],"wp:featuredmedia":[{"embeddable":true,"href":"https:\/\/samahil.gob.mx\/index.php\/wp-json\/wp\/v2\/media\/1506"}],"wp:attachment":[{"href":"https:\/\/samahil.gob.mx\/index.php\/wp-json\/wp\/v2\/media?parent=1503"}],"wp:term":[{"taxonomy":"category","embeddable":true,"href":"https:\/\/samahil.gob.mx\/index.php\/wp-json\/wp\/v2\/categories?post=1503"},{"taxonomy":"post_tag","embeddable":true,"href":"https:\/\/samahil.gob.mx\/index.php\/wp-json\/wp\/v2\/tags?post=1503"}],"curies":[{"name":"wp","href":"https:\/\/api.w.org\/{rel}","templated":true}]}}