{"id":1229,"date":"2024-10-22T22:22:19","date_gmt":"2024-10-22T22:22:19","guid":{"rendered":"https:\/\/samahil.gob.mx\/?p=1229"},"modified":"2024-10-22T22:22:19","modified_gmt":"2024-10-22T22:22:19","slug":"talleres-de-danza-de-jazz-jarana-y-folklore","status":"publish","type":"post","link":"https:\/\/samahil.gob.mx\/index.php\/2024\/10\/22\/talleres-de-danza-de-jazz-jarana-y-folklore\/","title":{"rendered":"Talleres de danza de jazz, jarana y folklore."},"content":{"rendered":"<div id='gallery-1' class='gallery galleryid-1229 gallery-columns-5 gallery-size-thumbnail'><figure class='gallery-item'>\n\t\t\t<div class='gallery-icon portrait'>\n\t\t\t\t<a href='https:\/\/samahil.gob.mx\/wp-content\/uploads\/2024\/10\/462107429_546304897788356_6873740699955738407_n.jpg'><img loading=\"lazy\" decoding=\"async\" width=\"150\" height=\"150\" src=\"https:\/\/samahil.gob.mx\/wp-content\/uploads\/2024\/10\/462107429_546304897788356_6873740699955738407_n-150x150.jpg\" class=\"attachment-thumbnail size-thumbnail\" alt=\"\" \/><\/a>\n\t\t\t<\/div><\/figure><figure class='gallery-item'>\n\t\t\t<div class='gallery-icon landscape'>\n\t\t\t\t<a href='https:\/\/samahil.gob.mx\/wp-content\/uploads\/2024\/10\/462107794_546304877788358_2488442878203930970_n.jpg'><img loading=\"lazy\" decoding=\"async\" width=\"150\" height=\"150\" src=\"https:\/\/samahil.gob.mx\/wp-content\/uploads\/2024\/10\/462107794_546304877788358_2488442878203930970_n-150x150.jpg\" class=\"attachment-thumbnail size-thumbnail\" alt=\"\" \/><\/a>\n\t\t\t<\/div><\/figure><figure class='gallery-item'>\n\t\t\t<div class='gallery-icon landscape'>\n\t\t\t\t<a href='https:\/\/samahil.gob.mx\/wp-content\/uploads\/2024\/10\/462144735_546304894455023_2238569341281236089_n.jpg'><img loading=\"lazy\" decoding=\"async\" width=\"150\" height=\"150\" src=\"https:\/\/samahil.gob.mx\/wp-content\/uploads\/2024\/10\/462144735_546304894455023_2238569341281236089_n-150x150.jpg\" class=\"attachment-thumbnail size-thumbnail\" alt=\"\" \/><\/a>\n\t\t\t<\/div><\/figure><figure class='gallery-item'>\n\t\t\t<div class='gallery-icon landscape'>\n\t\t\t\t<a href='https:\/\/samahil.gob.mx\/wp-content\/uploads\/2024\/10\/462216831_546304901121689_7056247802254553403_n.jpg'><img loading=\"lazy\" decoding=\"async\" width=\"150\" height=\"150\" src=\"https:\/\/samahil.gob.mx\/wp-content\/uploads\/2024\/10\/462216831_546304901121689_7056247802254553403_n-150x150.jpg\" class=\"attachment-thumbnail size-thumbnail\" alt=\"\" \/><\/a>\n\t\t\t<\/div><\/figure><figure class='gallery-item'>\n\t\t\t<div class='gallery-icon landscape'>\n\t\t\t\t<a href='https:\/\/samahil.gob.mx\/wp-content\/uploads\/2024\/10\/462216902_546304977788348_5611280027341313148_n.jpg'><img loading=\"lazy\" decoding=\"async\" width=\"150\" height=\"150\" src=\"https:\/\/samahil.gob.mx\/wp-content\/uploads\/2024\/10\/462216902_546304977788348_5611280027341313148_n-150x150.jpg\" class=\"attachment-thumbnail size-thumbnail\" alt=\"\" \/><\/a>\n\t\t\t<\/div><\/figure>\n\t\t<\/div>\n\n<div dir=\"auto\">&#8220;La danza no es m\u00e1s que el reflejo de lo que nuestro cuerpo convierte en arte&#8221;.<\/div>\n<div dir=\"auto\">El H. Ayuntamiento 2024-2027 atravez de la Direcci\u00f3n de Cultura, ha hecho las gestiones necesarias y han arrancado satisfactoriamente los talleres Danza de Jazz, Jarana y Folklore.<\/div>\n<div dir=\"auto\">Lo cierto es que, con el baile una persona puede liberar sus miedos, sus inhibiciones y sentirse bien en general, por lo tanto con esto cumplimos con una necesidad b\u00e1sica y opcional para el desarrollo de nuestros ni\u00f1as ,ni\u00f1os y j\u00f3venes de Samahil.<\/div>\n","protected":false},"excerpt":{"rendered":"<p>&#8220;La danza no es m\u00e1s que el reflejo de lo que nuestro cuerpo convierte en arte&#8221;. El H. Ayuntamiento 2024-2027 atravez de la Direcci\u00f3n de<\/p>\n","protected":false},"author":1,"featured_media":1234,"comment_status":"closed","ping_status":"open","sticky":false,"template":"","format":"standard","meta":{"footnotes":""},"categories":[4],"tags":[],"class_list":["post-1229","post","type-post","status-publish","format-standard","has-post-thumbnail","hentry","category-cultura"],"_links":{"self":[{"href":"https:\/\/samahil.gob.mx\/index.php\/wp-json\/wp\/v2\/posts\/1229","targetHints":{"allow":["GET"]}}],"collection":[{"href":"https:\/\/samahil.gob.mx\/index.php\/wp-json\/wp\/v2\/posts"}],"about":[{"href":"https:\/\/samahil.gob.mx\/index.php\/wp-json\/wp\/v2\/types\/post"}],"author":[{"embeddable":true,"href":"https:\/\/samahil.gob.mx\/index.php\/wp-json\/wp\/v2\/users\/1"}],"replies":[{"embeddable":true,"href":"https:\/\/samahil.gob.mx\/index.php\/wp-json\/wp\/v2\/comments?post=1229"}],"version-history":[{"count":1,"href":"https:\/\/samahil.gob.mx\/index.php\/wp-json\/wp\/v2\/posts\/1229\/revisions"}],"predecessor-version":[{"id":1235,"href":"https:\/\/samahil.gob.mx\/index.php\/wp-json\/wp\/v2\/posts\/1229\/revisions\/1235"}],"wp:featuredmedia":[{"embeddable":true,"href":"https:\/\/samahil.gob.mx\/index.php\/wp-json\/wp\/v2\/media\/1234"}],"wp:attachment":[{"href":"https:\/\/samahil.gob.mx\/index.php\/wp-json\/wp\/v2\/media?parent=1229"}],"wp:term":[{"taxonomy":"category","embeddable":true,"href":"https:\/\/samahil.gob.mx\/index.php\/wp-json\/wp\/v2\/categories?post=1229"},{"taxonomy":"post_tag","embeddable":true,"href":"https:\/\/samahil.gob.mx\/index.php\/wp-json\/wp\/v2\/tags?post=1229"}],"curies":[{"name":"wp","href":"https:\/\/api.w.org\/{rel}","templated":true}]}}